{"id":2997,"date":"2023-07-10T15:22:24","date_gmt":"2023-07-10T15:22:24","guid":{"rendered":"https:\/\/www.afroscreen.org\/setting-up-a-genomics-laboratory-at-the-centre-muraz-in-bobo-dioulasso-burkina-faso\/"},"modified":"2023-10-11T13:06:01","modified_gmt":"2023-10-11T13:06:01","slug":"setting-up-a-genomics-laboratory-at-the-centre-muraz-in-bobo-dioulasso-burkina-faso","status":"publish","type":"post","link":"https:\/\/www.afroscreen.org\/en\/setting-up-a-genomics-laboratory-at-the-centre-muraz-in-bobo-dioulasso-burkina-faso\/","title":{"rendered":"Setting up a genomics laboratory at the Centre MURAZ in Bobo-Dioulasso, Burkina Faso"},"content":{"rendered":"\n<p>The implementation consisted of : (i) refurbishment and renovation of premises, (ii) installation of the MiniSeq sequencer and associated genomics equipment, (iii) training for sequencer users, involving microbiology specialists from Centre MURAZ and Centre Hospitalier Universitaire Sour\u00f4 Sanou.<\/p>\n\n\n\n<p><\/p>\n\n\n\n<p><\/p>\n\n\n\n<p><\/p>\n\n\n\n<figure class=\"wp-block-image size-full\"><img loading=\"lazy\" decoding=\"async\" width=\"1024\" height=\"768\" src=\"https:\/\/www.afroscreen.org\/wp-content\/uploads\/2023\/07\/Test-de-validation-de-linstallation-du-sequenceur-MiniSeq-Illumina-Centre-MURAZ-juin-2023.jpg\" alt=\"\" class=\"wp-image-2901\" srcset=\"https:\/\/www.afroscreen.org\/wp-content\/uploads\/2023\/07\/Test-de-validation-de-linstallation-du-sequenceur-MiniSeq-Illumina-Centre-MURAZ-juin-2023.jpg 1024w, https:\/\/www.afroscreen.org\/wp-content\/uploads\/2023\/07\/Test-de-validation-de-linstallation-du-sequenceur-MiniSeq-Illumina-Centre-MURAZ-juin-2023-300x225.jpg 300w, https:\/\/www.afroscreen.org\/wp-content\/uploads\/2023\/07\/Test-de-validation-de-linstallation-du-sequenceur-MiniSeq-Illumina-Centre-MURAZ-juin-2023-768x576.jpg 768w, https:\/\/www.afroscreen.org\/wp-content\/uploads\/2023\/07\/Test-de-validation-de-linstallation-du-sequenceur-MiniSeq-Illumina-Centre-MURAZ-juin-2023-600x450.jpg 600w\" sizes=\"auto, (max-width: 1024px) 100vw, 1024px\" \/><\/figure>\n\n\n\n<p><em>Validation test of the MiniSeq sequencer installation (Illumina), Centre MURAZ, June 2023<\/em><\/p>\n\n\n\n<p><\/p>\n\n\n\n<p><\/p>\n\n\n\n<p>Headed by Dr Dramane KANIA, National Coordinator of the AFROSCREEN project in Burkina Faso, this new laboratory, equipped with state-of-the-art equipment, such as the Illumina MiniSeq NGS sequencer, aims to strengthen the genomic surveillance of pathogens, as well as setting up a center of excellence made up of multidisciplinary researchers for effective preparation of the response to epidemics.<\/p>\n\n\n\n<p>In the very short term, this laboratory will provide a retrospective description of the circulation of SARS-CoV-2 variants during the pandemic period from 2020 to the present. In the medium and long term, it will be used to monitor arboviruses, viruses responsible for chronic infections (hepatitis, HIV\/AIDS), antimicrobial resistance and new emerging pathogens of interest in Burkina Faso.<\/p>\n\n\n\n<p><\/p>\n\n\n\n<p><\/p>\n\n\n\n<p><\/p>\n\n\n\n<figure class=\"wp-block-image size-full\"><img loading=\"lazy\" decoding=\"async\" width=\"1024\" height=\"768\" src=\"https:\/\/www.afroscreen.org\/wp-content\/uploads\/2023\/07\/Preparation-des-essais-de-validation-de-linstallation-du-sequenceur-MiniSeq-Illumina-Centre-MURAZ-juin-2023.jpg\" alt=\"\" class=\"wp-image-2903\" srcset=\"https:\/\/www.afroscreen.org\/wp-content\/uploads\/2023\/07\/Preparation-des-essais-de-validation-de-linstallation-du-sequenceur-MiniSeq-Illumina-Centre-MURAZ-juin-2023.jpg 1024w, https:\/\/www.afroscreen.org\/wp-content\/uploads\/2023\/07\/Preparation-des-essais-de-validation-de-linstallation-du-sequenceur-MiniSeq-Illumina-Centre-MURAZ-juin-2023-300x225.jpg 300w, https:\/\/www.afroscreen.org\/wp-content\/uploads\/2023\/07\/Preparation-des-essais-de-validation-de-linstallation-du-sequenceur-MiniSeq-Illumina-Centre-MURAZ-juin-2023-768x576.jpg 768w, https:\/\/www.afroscreen.org\/wp-content\/uploads\/2023\/07\/Preparation-des-essais-de-validation-de-linstallation-du-sequenceur-MiniSeq-Illumina-Centre-MURAZ-juin-2023-600x450.jpg 600w\" sizes=\"auto, (max-width: 1024px) 100vw, 1024px\" \/><\/figure>\n\n\n\n<p><em>Preparation for validation testing of MiniSeq sequencer installation (Illumina), Centre MURAZ, June 2023<\/em><\/p>\n\n\n\n<p><\/p>\n\n\n\n<p><\/p>\n\n\n\n<p><\/p>\n\n\n\n<figure class=\"wp-block-gallery has-nested-images columns-default is-cropped wp-block-gallery-1 is-layout-flex wp-block-gallery-is-layout-flex\">\n<figure class=\"wp-block-image size-large\"><img loading=\"lazy\" decoding=\"async\" width=\"1024\" height=\"768\" data-id=\"2895\" src=\"https:\/\/www.afroscreen.org\/wp-content\/uploads\/2023\/07\/Formation-des-utilisateurs-aux-fondamentaux-de-la-technique-de-sequencage-Miniseq-Illumina-Centre-MURAZ-Juin-2023-1024x768.jpg\" alt=\"\" class=\"wp-image-2895\" srcset=\"https:\/\/www.afroscreen.org\/wp-content\/uploads\/2023\/07\/Formation-des-utilisateurs-aux-fondamentaux-de-la-technique-de-sequencage-Miniseq-Illumina-Centre-MURAZ-Juin-2023-1024x768.jpg 1024w, https:\/\/www.afroscreen.org\/wp-content\/uploads\/2023\/07\/Formation-des-utilisateurs-aux-fondamentaux-de-la-technique-de-sequencage-Miniseq-Illumina-Centre-MURAZ-Juin-2023-300x225.jpg 300w, https:\/\/www.afroscreen.org\/wp-content\/uploads\/2023\/07\/Formation-des-utilisateurs-aux-fondamentaux-de-la-technique-de-sequencage-Miniseq-Illumina-Centre-MURAZ-Juin-2023-768x576.jpg 768w, https:\/\/www.afroscreen.org\/wp-content\/uploads\/2023\/07\/Formation-des-utilisateurs-aux-fondamentaux-de-la-technique-de-sequencage-Miniseq-Illumina-Centre-MURAZ-Juin-2023-600x450.jpg 600w, https:\/\/www.afroscreen.org\/wp-content\/uploads\/2023\/07\/Formation-des-utilisateurs-aux-fondamentaux-de-la-technique-de-sequencage-Miniseq-Illumina-Centre-MURAZ-Juin-2023.jpg 1280w\" sizes=\"auto, (max-width: 1024px) 100vw, 1024px\" \/><\/figure>\n<\/figure>\n\n\n\n<p><em>Training users in the fundamentals of the Miniseq sequencing technique (Illumina), Centre MURAZ, June 2023.<\/em><\/p>\n\n\n\n<p><\/p>\n\n\n\n<p><\/p>\n\n\n\n<p><\/p>\n\n\n\n<figure class=\"wp-block-image size-large is-resized\"><img loading=\"lazy\" decoding=\"async\" src=\"https:\/\/www.afroscreen.org\/wp-content\/uploads\/2023\/07\/Formation-des-utilisateurs-du-sequenceur-MiniSeq-Illumina-Centre-MURAZ-Juin-2023-1024x768.jpg\" alt=\"\" class=\"wp-image-2897\" style=\"width:840px;height:630px\" width=\"840\" height=\"630\" srcset=\"https:\/\/www.afroscreen.org\/wp-content\/uploads\/2023\/07\/Formation-des-utilisateurs-du-sequenceur-MiniSeq-Illumina-Centre-MURAZ-Juin-2023-1024x768.jpg 1024w, https:\/\/www.afroscreen.org\/wp-content\/uploads\/2023\/07\/Formation-des-utilisateurs-du-sequenceur-MiniSeq-Illumina-Centre-MURAZ-Juin-2023-300x225.jpg 300w, https:\/\/www.afroscreen.org\/wp-content\/uploads\/2023\/07\/Formation-des-utilisateurs-du-sequenceur-MiniSeq-Illumina-Centre-MURAZ-Juin-2023-768x576.jpg 768w, https:\/\/www.afroscreen.org\/wp-content\/uploads\/2023\/07\/Formation-des-utilisateurs-du-sequenceur-MiniSeq-Illumina-Centre-MURAZ-Juin-2023-600x450.jpg 600w, https:\/\/www.afroscreen.org\/wp-content\/uploads\/2023\/07\/Formation-des-utilisateurs-du-sequenceur-MiniSeq-Illumina-Centre-MURAZ-Juin-2023.jpg 1280w\" sizes=\"auto, (max-width: 840px) 100vw, 840px\" \/><\/figure>\n\n\n\n<p><em>MiniSeq sequencer user training (Illumina), Centre MURAZ, June 2023<\/em><\/p>\n\n\n\n<p><\/p>\n\n\n\n<p><\/p>\n\n\n\n<p><\/p>\n\n\n\n<figure class=\"wp-block-image size-large\"><img loading=\"lazy\" decoding=\"async\" width=\"1024\" height=\"596\" src=\"https:\/\/www.afroscreen.org\/wp-content\/uploads\/2023\/07\/Photo-de-famille-de-la-formation-des-utilisateurs-du-sequenceur-Centre-MURAZ-Juin-2023-1024x596.jpg\" alt=\"\" class=\"wp-image-2899\" srcset=\"https:\/\/www.afroscreen.org\/wp-content\/uploads\/2023\/07\/Photo-de-famille-de-la-formation-des-utilisateurs-du-sequenceur-Centre-MURAZ-Juin-2023-1024x596.jpg 1024w, https:\/\/www.afroscreen.org\/wp-content\/uploads\/2023\/07\/Photo-de-famille-de-la-formation-des-utilisateurs-du-sequenceur-Centre-MURAZ-Juin-2023-300x175.jpg 300w, https:\/\/www.afroscreen.org\/wp-content\/uploads\/2023\/07\/Photo-de-famille-de-la-formation-des-utilisateurs-du-sequenceur-Centre-MURAZ-Juin-2023-768x447.jpg 768w, https:\/\/www.afroscreen.org\/wp-content\/uploads\/2023\/07\/Photo-de-famille-de-la-formation-des-utilisateurs-du-sequenceur-Centre-MURAZ-Juin-2023-600x349.jpg 600w, https:\/\/www.afroscreen.org\/wp-content\/uploads\/2023\/07\/Photo-de-famille-de-la-formation-des-utilisateurs-du-sequenceur-Centre-MURAZ-Juin-2023.jpg 1384w\" sizes=\"auto, (max-width: 1024px) 100vw, 1024px\" \/><\/figure>\n\n\n\n<p><em>Family photo of sequencer user training, Centre MURAZ, June 2023<\/em><\/p>\n\n\n\n<p><\/p>\n\n\n\n<p><\/p>\n","protected":false},"excerpt":{"rendered":"<p>The implementation consisted of : (i) refurbishment and renovation of premises, (ii) installation of the MiniSeq sequencer and associated genomics equipment, (iii) training for sequencer users, involving microbiology specialists from Centre MURAZ and Centre Hospitalier Universitaire Sour\u00f4 Sanou. Validation test of the MiniSeq sequencer installation (Illumina), Centre MURAZ, June 2023 Headed by Dr Dramane KANIA, [&hellip;]<\/p>\n","protected":false},"author":1,"featured_media":2894,"comment_status":"open","ping_status":"open","sticky":false,"template":"","format":"standard","meta":{"_acf_changed":false,"footnotes":""},"categories":[60],"tags":[],"pays":[33],"thematique":[76,38,48],"class_list":["post-2997","post","type-post","status-publish","format-standard","has-post-thumbnail","hentry","category-evenement-en","pays-burkina-faso-en","thematique-equipement-en","thematique-sequencage-en","thematique-formation-en"],"acf":[],"yoast_head":"<!-- This site is optimized with the Yoast SEO plugin v27.4 - https:\/\/yoast.com\/product\/yoast-seo-wordpress\/ -->\n<title>Setting up a genomics laboratory at the Centre MURAZ in Bobo-Dioulasso, Burkina Faso - Afroscreen<\/title>\n<meta name=\"robots\" content=\"index, follow, max-snippet:-1, max-image-preview:large, max-video-preview:-1\" \/>\n<link rel=\"canonical\" href=\"https:\/\/www.afroscreen.org\/en\/setting-up-a-genomics-laboratory-at-the-centre-muraz-in-bobo-dioulasso-burkina-faso\/\" \/>\n<meta property=\"og:locale\" content=\"en_US\" \/>\n<meta property=\"og:type\" content=\"article\" \/>\n<meta property=\"og:title\" content=\"Setting up a genomics laboratory at the Centre MURAZ in Bobo-Dioulasso, Burkina Faso - Afroscreen\" \/>\n<meta property=\"og:description\" content=\"The implementation consisted of : (i) refurbishment and renovation of premises, (ii) installation of the MiniSeq sequencer and associated genomics equipment, (iii) training for sequencer users, involving microbiology specialists from Centre MURAZ and Centre Hospitalier Universitaire Sour\u00f4 Sanou. Validation test of the MiniSeq sequencer installation (Illumina), Centre MURAZ, June 2023 Headed by Dr Dramane KANIA, [&hellip;]\" \/>\n<meta property=\"og:url\" content=\"https:\/\/www.afroscreen.org\/en\/setting-up-a-genomics-laboratory-at-the-centre-muraz-in-bobo-dioulasso-burkina-faso\/\" \/>\n<meta property=\"og:site_name\" content=\"Afroscreen\" \/>\n<meta property=\"article:published_time\" content=\"2023-07-10T15:22:24+00:00\" \/>\n<meta property=\"article:modified_time\" content=\"2023-10-11T13:06:01+00:00\" \/>\n<meta property=\"og:image\" content=\"https:\/\/www.afroscreen.org\/wp-content\/uploads\/2023\/07\/ddd.jpg\" \/>\n\t<meta property=\"og:image:width\" content=\"1280\" \/>\n\t<meta property=\"og:image:height\" content=\"960\" \/>\n\t<meta property=\"og:image:type\" content=\"image\/jpeg\" \/>\n<meta name=\"author\" content=\"admin\" \/>\n<meta name=\"twitter:card\" content=\"summary_large_image\" \/>\n<meta name=\"twitter:creator\" content=\"@admin\" \/>\n<meta name=\"twitter:label1\" content=\"Written by\" \/>\n\t<meta name=\"twitter:data1\" content=\"admin\" \/>\n\t<meta name=\"twitter:label2\" content=\"Est. reading time\" \/>\n\t<meta name=\"twitter:data2\" content=\"2 minutes\" \/>\n<script type=\"application\/ld+json\" class=\"yoast-schema-graph\">{\"@context\":\"https:\\\/\\\/schema.org\",\"@graph\":[{\"@type\":\"Article\",\"@id\":\"https:\\\/\\\/www.afroscreen.org\\\/en\\\/setting-up-a-genomics-laboratory-at-the-centre-muraz-in-bobo-dioulasso-burkina-faso\\\/#article\",\"isPartOf\":{\"@id\":\"https:\\\/\\\/www.afroscreen.org\\\/en\\\/setting-up-a-genomics-laboratory-at-the-centre-muraz-in-bobo-dioulasso-burkina-faso\\\/\"},\"author\":{\"name\":\"admin\",\"@id\":\"https:\\\/\\\/www.afroscreen.org\\\/#\\\/schema\\\/person\\\/2d3c349bcdb673c0fa937c6ba83262b9\"},\"headline\":\"Setting up a genomics laboratory at the Centre MURAZ in Bobo-Dioulasso, Burkina Faso\",\"datePublished\":\"2023-07-10T15:22:24+00:00\",\"dateModified\":\"2023-10-11T13:06:01+00:00\",\"mainEntityOfPage\":{\"@id\":\"https:\\\/\\\/www.afroscreen.org\\\/en\\\/setting-up-a-genomics-laboratory-at-the-centre-muraz-in-bobo-dioulasso-burkina-faso\\\/\"},\"wordCount\":220,\"commentCount\":0,\"publisher\":{\"@id\":\"https:\\\/\\\/www.afroscreen.org\\\/#organization\"},\"image\":{\"@id\":\"https:\\\/\\\/www.afroscreen.org\\\/en\\\/setting-up-a-genomics-laboratory-at-the-centre-muraz-in-bobo-dioulasso-burkina-faso\\\/#primaryimage\"},\"thumbnailUrl\":\"https:\\\/\\\/www.afroscreen.org\\\/wp-content\\\/uploads\\\/2023\\\/07\\\/ddd.jpg\",\"articleSection\":[\"Event\"],\"inLanguage\":\"en-US\",\"potentialAction\":[{\"@type\":\"CommentAction\",\"name\":\"Comment\",\"target\":[\"https:\\\/\\\/www.afroscreen.org\\\/en\\\/setting-up-a-genomics-laboratory-at-the-centre-muraz-in-bobo-dioulasso-burkina-faso\\\/#respond\"]}]},{\"@type\":\"WebPage\",\"@id\":\"https:\\\/\\\/www.afroscreen.org\\\/en\\\/setting-up-a-genomics-laboratory-at-the-centre-muraz-in-bobo-dioulasso-burkina-faso\\\/\",\"url\":\"https:\\\/\\\/www.afroscreen.org\\\/en\\\/setting-up-a-genomics-laboratory-at-the-centre-muraz-in-bobo-dioulasso-burkina-faso\\\/\",\"name\":\"Setting up a genomics laboratory at the Centre MURAZ in Bobo-Dioulasso, Burkina Faso - Afroscreen\",\"isPartOf\":{\"@id\":\"https:\\\/\\\/www.afroscreen.org\\\/#website\"},\"primaryImageOfPage\":{\"@id\":\"https:\\\/\\\/www.afroscreen.org\\\/en\\\/setting-up-a-genomics-laboratory-at-the-centre-muraz-in-bobo-dioulasso-burkina-faso\\\/#primaryimage\"},\"image\":{\"@id\":\"https:\\\/\\\/www.afroscreen.org\\\/en\\\/setting-up-a-genomics-laboratory-at-the-centre-muraz-in-bobo-dioulasso-burkina-faso\\\/#primaryimage\"},\"thumbnailUrl\":\"https:\\\/\\\/www.afroscreen.org\\\/wp-content\\\/uploads\\\/2023\\\/07\\\/ddd.jpg\",\"datePublished\":\"2023-07-10T15:22:24+00:00\",\"dateModified\":\"2023-10-11T13:06:01+00:00\",\"breadcrumb\":{\"@id\":\"https:\\\/\\\/www.afroscreen.org\\\/en\\\/setting-up-a-genomics-laboratory-at-the-centre-muraz-in-bobo-dioulasso-burkina-faso\\\/#breadcrumb\"},\"inLanguage\":\"en-US\",\"potentialAction\":[{\"@type\":\"ReadAction\",\"target\":[\"https:\\\/\\\/www.afroscreen.org\\\/en\\\/setting-up-a-genomics-laboratory-at-the-centre-muraz-in-bobo-dioulasso-burkina-faso\\\/\"]}]},{\"@type\":\"ImageObject\",\"inLanguage\":\"en-US\",\"@id\":\"https:\\\/\\\/www.afroscreen.org\\\/en\\\/setting-up-a-genomics-laboratory-at-the-centre-muraz-in-bobo-dioulasso-burkina-faso\\\/#primaryimage\",\"url\":\"https:\\\/\\\/www.afroscreen.org\\\/wp-content\\\/uploads\\\/2023\\\/07\\\/ddd.jpg\",\"contentUrl\":\"https:\\\/\\\/www.afroscreen.org\\\/wp-content\\\/uploads\\\/2023\\\/07\\\/ddd.jpg\",\"width\":1280,\"height\":960},{\"@type\":\"BreadcrumbList\",\"@id\":\"https:\\\/\\\/www.afroscreen.org\\\/en\\\/setting-up-a-genomics-laboratory-at-the-centre-muraz-in-bobo-dioulasso-burkina-faso\\\/#breadcrumb\",\"itemListElement\":[{\"@type\":\"ListItem\",\"position\":1,\"name\":\"Home\",\"item\":\"https:\\\/\\\/www.afroscreen.org\\\/en\\\/\"},{\"@type\":\"ListItem\",\"position\":2,\"name\":\"Setting up a genomics laboratory at the Centre MURAZ in Bobo-Dioulasso, Burkina Faso\"}]},{\"@type\":\"WebSite\",\"@id\":\"https:\\\/\\\/www.afroscreen.org\\\/#website\",\"url\":\"https:\\\/\\\/www.afroscreen.org\\\/\",\"name\":\"Afroscreen\",\"description\":\"Renforcement des capacit\u00e9s de s\u00e9quen\u00e7age en Afrique\",\"publisher\":{\"@id\":\"https:\\\/\\\/www.afroscreen.org\\\/#organization\"},\"potentialAction\":[{\"@type\":\"SearchAction\",\"target\":{\"@type\":\"EntryPoint\",\"urlTemplate\":\"https:\\\/\\\/www.afroscreen.org\\\/?s={search_term_string}\"},\"query-input\":{\"@type\":\"PropertyValueSpecification\",\"valueRequired\":true,\"valueName\":\"search_term_string\"}}],\"inLanguage\":\"en-US\"},{\"@type\":\"Organization\",\"@id\":\"https:\\\/\\\/www.afroscreen.org\\\/#organization\",\"name\":\"Afroscreen\",\"url\":\"https:\\\/\\\/www.afroscreen.org\\\/\",\"logo\":{\"@type\":\"ImageObject\",\"inLanguage\":\"en-US\",\"@id\":\"https:\\\/\\\/www.afroscreen.org\\\/#\\\/schema\\\/logo\\\/image\\\/\",\"url\":\"https:\\\/\\\/www.afroscreen.org\\\/wp-content\\\/uploads\\\/2022\\\/02\\\/logo.png\",\"contentUrl\":\"https:\\\/\\\/www.afroscreen.org\\\/wp-content\\\/uploads\\\/2022\\\/02\\\/logo.png\",\"width\":269,\"height\":104,\"caption\":\"Afroscreen\"},\"image\":{\"@id\":\"https:\\\/\\\/www.afroscreen.org\\\/#\\\/schema\\\/logo\\\/image\\\/\"}},{\"@type\":\"Person\",\"@id\":\"https:\\\/\\\/www.afroscreen.org\\\/#\\\/schema\\\/person\\\/2d3c349bcdb673c0fa937c6ba83262b9\",\"name\":\"admin\",\"image\":{\"@type\":\"ImageObject\",\"inLanguage\":\"en-US\",\"@id\":\"https:\\\/\\\/secure.gravatar.com\\\/avatar\\\/025c8a06a9661bbd5b34da5a274838cc06e6d39f4eb413ccee108c89df44b89c?s=96&d=mm&r=g\",\"url\":\"https:\\\/\\\/secure.gravatar.com\\\/avatar\\\/025c8a06a9661bbd5b34da5a274838cc06e6d39f4eb413ccee108c89df44b89c?s=96&d=mm&r=g\",\"contentUrl\":\"https:\\\/\\\/secure.gravatar.com\\\/avatar\\\/025c8a06a9661bbd5b34da5a274838cc06e6d39f4eb413ccee108c89df44b89c?s=96&d=mm&r=g\",\"caption\":\"admin\"},\"sameAs\":[\"https:\\\/\\\/www.afroscreen.org\",\"https:\\\/\\\/x.com\\\/admin\"],\"url\":\"https:\\\/\\\/www.afroscreen.org\\\/en\\\/author\\\/admin\\\/\"}]}<\/script>\n<!-- \/ Yoast SEO plugin. -->","yoast_head_json":{"title":"Setting up a genomics laboratory at the Centre MURAZ in Bobo-Dioulasso, Burkina Faso - Afroscreen","robots":{"index":"index","follow":"follow","max-snippet":"max-snippet:-1","max-image-preview":"max-image-preview:large","max-video-preview":"max-video-preview:-1"},"canonical":"https:\/\/www.afroscreen.org\/en\/setting-up-a-genomics-laboratory-at-the-centre-muraz-in-bobo-dioulasso-burkina-faso\/","og_locale":"en_US","og_type":"article","og_title":"Setting up a genomics laboratory at the Centre MURAZ in Bobo-Dioulasso, Burkina Faso - Afroscreen","og_description":"The implementation consisted of : (i) refurbishment and renovation of premises, (ii) installation of the MiniSeq sequencer and associated genomics equipment, (iii) training for sequencer users, involving microbiology specialists from Centre MURAZ and Centre Hospitalier Universitaire Sour\u00f4 Sanou. Validation test of the MiniSeq sequencer installation (Illumina), Centre MURAZ, June 2023 Headed by Dr Dramane KANIA, [&hellip;]","og_url":"https:\/\/www.afroscreen.org\/en\/setting-up-a-genomics-laboratory-at-the-centre-muraz-in-bobo-dioulasso-burkina-faso\/","og_site_name":"Afroscreen","article_published_time":"2023-07-10T15:22:24+00:00","article_modified_time":"2023-10-11T13:06:01+00:00","og_image":[{"width":1280,"height":960,"url":"https:\/\/www.afroscreen.org\/wp-content\/uploads\/2023\/07\/ddd.jpg","type":"image\/jpeg"}],"author":"admin","twitter_card":"summary_large_image","twitter_creator":"@admin","twitter_misc":{"Written by":"admin","Est. reading time":"2 minutes"},"schema":{"@context":"https:\/\/schema.org","@graph":[{"@type":"Article","@id":"https:\/\/www.afroscreen.org\/en\/setting-up-a-genomics-laboratory-at-the-centre-muraz-in-bobo-dioulasso-burkina-faso\/#article","isPartOf":{"@id":"https:\/\/www.afroscreen.org\/en\/setting-up-a-genomics-laboratory-at-the-centre-muraz-in-bobo-dioulasso-burkina-faso\/"},"author":{"name":"admin","@id":"https:\/\/www.afroscreen.org\/#\/schema\/person\/2d3c349bcdb673c0fa937c6ba83262b9"},"headline":"Setting up a genomics laboratory at the Centre MURAZ in Bobo-Dioulasso, Burkina Faso","datePublished":"2023-07-10T15:22:24+00:00","dateModified":"2023-10-11T13:06:01+00:00","mainEntityOfPage":{"@id":"https:\/\/www.afroscreen.org\/en\/setting-up-a-genomics-laboratory-at-the-centre-muraz-in-bobo-dioulasso-burkina-faso\/"},"wordCount":220,"commentCount":0,"publisher":{"@id":"https:\/\/www.afroscreen.org\/#organization"},"image":{"@id":"https:\/\/www.afroscreen.org\/en\/setting-up-a-genomics-laboratory-at-the-centre-muraz-in-bobo-dioulasso-burkina-faso\/#primaryimage"},"thumbnailUrl":"https:\/\/www.afroscreen.org\/wp-content\/uploads\/2023\/07\/ddd.jpg","articleSection":["Event"],"inLanguage":"en-US","potentialAction":[{"@type":"CommentAction","name":"Comment","target":["https:\/\/www.afroscreen.org\/en\/setting-up-a-genomics-laboratory-at-the-centre-muraz-in-bobo-dioulasso-burkina-faso\/#respond"]}]},{"@type":"WebPage","@id":"https:\/\/www.afroscreen.org\/en\/setting-up-a-genomics-laboratory-at-the-centre-muraz-in-bobo-dioulasso-burkina-faso\/","url":"https:\/\/www.afroscreen.org\/en\/setting-up-a-genomics-laboratory-at-the-centre-muraz-in-bobo-dioulasso-burkina-faso\/","name":"Setting up a genomics laboratory at the Centre MURAZ in Bobo-Dioulasso, Burkina Faso - Afroscreen","isPartOf":{"@id":"https:\/\/www.afroscreen.org\/#website"},"primaryImageOfPage":{"@id":"https:\/\/www.afroscreen.org\/en\/setting-up-a-genomics-laboratory-at-the-centre-muraz-in-bobo-dioulasso-burkina-faso\/#primaryimage"},"image":{"@id":"https:\/\/www.afroscreen.org\/en\/setting-up-a-genomics-laboratory-at-the-centre-muraz-in-bobo-dioulasso-burkina-faso\/#primaryimage"},"thumbnailUrl":"https:\/\/www.afroscreen.org\/wp-content\/uploads\/2023\/07\/ddd.jpg","datePublished":"2023-07-10T15:22:24+00:00","dateModified":"2023-10-11T13:06:01+00:00","breadcrumb":{"@id":"https:\/\/www.afroscreen.org\/en\/setting-up-a-genomics-laboratory-at-the-centre-muraz-in-bobo-dioulasso-burkina-faso\/#breadcrumb"},"inLanguage":"en-US","potentialAction":[{"@type":"ReadAction","target":["https:\/\/www.afroscreen.org\/en\/setting-up-a-genomics-laboratory-at-the-centre-muraz-in-bobo-dioulasso-burkina-faso\/"]}]},{"@type":"ImageObject","inLanguage":"en-US","@id":"https:\/\/www.afroscreen.org\/en\/setting-up-a-genomics-laboratory-at-the-centre-muraz-in-bobo-dioulasso-burkina-faso\/#primaryimage","url":"https:\/\/www.afroscreen.org\/wp-content\/uploads\/2023\/07\/ddd.jpg","contentUrl":"https:\/\/www.afroscreen.org\/wp-content\/uploads\/2023\/07\/ddd.jpg","width":1280,"height":960},{"@type":"BreadcrumbList","@id":"https:\/\/www.afroscreen.org\/en\/setting-up-a-genomics-laboratory-at-the-centre-muraz-in-bobo-dioulasso-burkina-faso\/#breadcrumb","itemListElement":[{"@type":"ListItem","position":1,"name":"Home","item":"https:\/\/www.afroscreen.org\/en\/"},{"@type":"ListItem","position":2,"name":"Setting up a genomics laboratory at the Centre MURAZ in Bobo-Dioulasso, Burkina Faso"}]},{"@type":"WebSite","@id":"https:\/\/www.afroscreen.org\/#website","url":"https:\/\/www.afroscreen.org\/","name":"Afroscreen","description":"Renforcement des capacit\u00e9s de s\u00e9quen\u00e7age en Afrique","publisher":{"@id":"https:\/\/www.afroscreen.org\/#organization"},"potentialAction":[{"@type":"SearchAction","target":{"@type":"EntryPoint","urlTemplate":"https:\/\/www.afroscreen.org\/?s={search_term_string}"},"query-input":{"@type":"PropertyValueSpecification","valueRequired":true,"valueName":"search_term_string"}}],"inLanguage":"en-US"},{"@type":"Organization","@id":"https:\/\/www.afroscreen.org\/#organization","name":"Afroscreen","url":"https:\/\/www.afroscreen.org\/","logo":{"@type":"ImageObject","inLanguage":"en-US","@id":"https:\/\/www.afroscreen.org\/#\/schema\/logo\/image\/","url":"https:\/\/www.afroscreen.org\/wp-content\/uploads\/2022\/02\/logo.png","contentUrl":"https:\/\/www.afroscreen.org\/wp-content\/uploads\/2022\/02\/logo.png","width":269,"height":104,"caption":"Afroscreen"},"image":{"@id":"https:\/\/www.afroscreen.org\/#\/schema\/logo\/image\/"}},{"@type":"Person","@id":"https:\/\/www.afroscreen.org\/#\/schema\/person\/2d3c349bcdb673c0fa937c6ba83262b9","name":"admin","image":{"@type":"ImageObject","inLanguage":"en-US","@id":"https:\/\/secure.gravatar.com\/avatar\/025c8a06a9661bbd5b34da5a274838cc06e6d39f4eb413ccee108c89df44b89c?s=96&d=mm&r=g","url":"https:\/\/secure.gravatar.com\/avatar\/025c8a06a9661bbd5b34da5a274838cc06e6d39f4eb413ccee108c89df44b89c?s=96&d=mm&r=g","contentUrl":"https:\/\/secure.gravatar.com\/avatar\/025c8a06a9661bbd5b34da5a274838cc06e6d39f4eb413ccee108c89df44b89c?s=96&d=mm&r=g","caption":"admin"},"sameAs":["https:\/\/www.afroscreen.org","https:\/\/x.com\/admin"],"url":"https:\/\/www.afroscreen.org\/en\/author\/admin\/"}]}},"_links":{"self":[{"href":"https:\/\/www.afroscreen.org\/en\/wp-json\/wp\/v2\/posts\/2997","targetHints":{"allow":["GET"]}}],"collection":[{"href":"https:\/\/www.afroscreen.org\/en\/wp-json\/wp\/v2\/posts"}],"about":[{"href":"https:\/\/www.afroscreen.org\/en\/wp-json\/wp\/v2\/types\/post"}],"author":[{"embeddable":true,"href":"https:\/\/www.afroscreen.org\/en\/wp-json\/wp\/v2\/users\/1"}],"replies":[{"embeddable":true,"href":"https:\/\/www.afroscreen.org\/en\/wp-json\/wp\/v2\/comments?post=2997"}],"version-history":[{"count":3,"href":"https:\/\/www.afroscreen.org\/en\/wp-json\/wp\/v2\/posts\/2997\/revisions"}],"predecessor-version":[{"id":3000,"href":"https:\/\/www.afroscreen.org\/en\/wp-json\/wp\/v2\/posts\/2997\/revisions\/3000"}],"wp:featuredmedia":[{"embeddable":true,"href":"https:\/\/www.afroscreen.org\/en\/wp-json\/wp\/v2\/media\/2894"}],"wp:attachment":[{"href":"https:\/\/www.afroscreen.org\/en\/wp-json\/wp\/v2\/media?parent=2997"}],"wp:term":[{"taxonomy":"category","embeddable":true,"href":"https:\/\/www.afroscreen.org\/en\/wp-json\/wp\/v2\/categories?post=2997"},{"taxonomy":"post_tag","embeddable":true,"href":"https:\/\/www.afroscreen.org\/en\/wp-json\/wp\/v2\/tags?post=2997"},{"taxonomy":"pays","embeddable":true,"href":"https:\/\/www.afroscreen.org\/en\/wp-json\/wp\/v2\/pays?post=2997"},{"taxonomy":"thematique","embeddable":true,"href":"https:\/\/www.afroscreen.org\/en\/wp-json\/wp\/v2\/thematique?post=2997"}],"curies":[{"name":"wp","href":"https:\/\/api.w.org\/{rel}","templated":true}]}}